{"id":5479,"date":"2025-06-05T18:21:50","date_gmt":"2025-06-05T15:21:50","guid":{"rendered":"https:\/\/www.ahdclinic.com\/?p=5479"},"modified":"2026-02-14T22:55:53","modified_gmt":"2026-02-14T19:55:53","slug":"sac-ekimi-sonrasi-sislik","status":"publish","type":"post","link":"https:\/\/www.ahdclinic.com\/tr\/sac-ekimi-sonrasi-sislik\/","title":{"rendered":"Sa\u00e7 Ekimi Sonras\u0131 \u015ei\u015flik"},"content":{"rendered":"\n<p>Sa\u00e7 ekimi sonras\u0131 \u015fi\u015flik, ekim yapt\u0131ran ki\u015filerin en az yar\u0131s\u0131nda g\u00f6r\u00fclen normal bir durumdur. Fakat bu durum hastalara yeterince anlat\u0131lmamaktad\u0131r. Bundan dolay\u0131 da hastalar\u0131n bir \u00e7o\u011fu sa\u00e7 ekiminden sonra olu\u015fan \u015fi\u015fli\u011fi, beklenmeyen k\u00f6t\u00fc bir durum olarak alg\u0131lamakta ve endi\u015feye kap\u0131lmaktad\u0131r. Halbuki bu \u015fi\u015flik yayg\u0131n ve beklenen bir yan etkidir.<\/p>\n\n\n\n<p>Sa\u00e7 ekiminden sonra genellikle al\u0131n b\u00f6lgesinde \u015fi\u015flik olu\u015fur. Bu durum yat\u0131\u015f pozisyonuna g\u00f6re \u015fakak b\u00f6lgesine kadar ilerleyebilir. Nadiren de olsa y\u00fcz ve g\u00f6z \u00e7evresine kadar iner ve g\u00f6z kapaklar\u0131nda ge\u00e7ici morarmaya neden olabilir. Hatta ki\u015fi g\u00f6zlerini a\u00e7makta bile zorlanabilir. Bu da ki\u015finin i\u015fine d\u00f6nme s\u00fcresini uzatacakt\u0131r. Fakat endi\u015fe etmeyin bu \u015fi\u015flik ge\u00e7ecektir ve kal\u0131c\u0131 bir yan etkisi olmayacakt\u0131r. Asl\u0131nda g\u00f6r\u00fclen bu \u015fi\u015flik ekim sonras\u0131ndaki <a href=\"https:\/\/www.ahdclinic.com\/tr\/sac-ekimi-sonrasi\/\" target=\"_blank\" data-type=\"post\" data-id=\"4172\" rel=\"noreferrer noopener\">iyile\u015fme s\u00fcrecinin<\/a> normal bir par\u00e7as\u0131d\u0131r. \u00c7\u00fcnk\u00fc bu durum v\u00fccudunuzun savunma mekanizmas\u0131n\u0131n do\u011fru bir \u015fekilde \u00e7al\u0131\u015ft\u0131\u011f\u0131n\u0131n bir g\u00f6stergesidir.<\/p>\n\n\n\n<figure class=\"wp-block-image size-full\"><img loading=\"lazy\" decoding=\"async\" width=\"750\" height=\"500\" src=\"https:\/\/www.ahdclinic.com\/wp-content\/uploads\/2025\/06\/sac-ekimi-sonrasinda-sislik.webp\" alt=\"sa\u00e7 ekimi sonras\u0131nda g\u00f6r\u00fclen \u015fi\u015flik asl\u0131nda normal bir durumdur.\" class=\"wp-image-16169\" srcset=\"https:\/\/www.ahdclinic.com\/wp-content\/uploads\/2025\/06\/sac-ekimi-sonrasinda-sislik.webp 750w, https:\/\/www.ahdclinic.com\/wp-content\/uploads\/2025\/06\/sac-ekimi-sonrasinda-sislik-300x200.webp 300w\" sizes=\"auto, (max-width: 750px) 100vw, 750px\" \/><\/figure>\n\n\n\n<div id=\"ez-toc-container\" class=\"ez-toc-v2_0_82_1 counter-hierarchy ez-toc-counter ez-toc-grey ez-toc-container-direction\">\n<div class=\"ez-toc-title-container\">\n<p class=\"ez-toc-title\" style=\"cursor:inherit\">Table of Contents<\/p>\n<span class=\"ez-toc-title-toggle\"><a href=\"#\" class=\"ez-toc-pull-right ez-toc-btn ez-toc-btn-xs ez-toc-btn-default ez-toc-toggle\" aria-label=\"\u0130\u00e7indekiler Tablosunu A\u00e7\/Kapat\"><span class=\"ez-toc-js-icon-con\"><span class=\"\"><span class=\"eztoc-hide\" style=\"display:none;\">Toggle<\/span><span class=\"ez-toc-icon-toggle-span\"><svg style=\"fill: #999;color:#999\" xmlns=\"http:\/\/www.w3.org\/2000\/svg\" class=\"list-377408\" width=\"20px\" height=\"20px\" viewBox=\"0 0 24 24\" fill=\"none\"><path d=\"M6 6H4v2h2V6zm14 0H8v2h12V6zM4 11h2v2H4v-2zm16 0H8v2h12v-2zM4 16h2v2H4v-2zm16 0H8v2h12v-2z\" fill=\"currentColor\"><\/path><\/svg><svg style=\"fill: #999;color:#999\" class=\"arrow-unsorted-368013\" xmlns=\"http:\/\/www.w3.org\/2000\/svg\" width=\"10px\" height=\"10px\" viewBox=\"0 0 24 24\" version=\"1.2\" baseProfile=\"tiny\"><path d=\"M18.2 9.3l-6.2-6.3-6.2 6.3c-.2.2-.3.4-.3.7s.1.5.3.7c.2.2.4.3.7.3h11c.3 0 .5-.1.7-.3.2-.2.3-.5.3-.7s-.1-.5-.3-.7zM5.8 14.7l6.2 6.3 6.2-6.3c.2-.2.3-.5.3-.7s-.1-.5-.3-.7c-.2-.2-.4-.3-.7-.3h-11c-.3 0-.5.1-.7.3-.2.2-.3.5-.3.7s.1.5.3.7z\"\/><\/svg><\/span><\/span><\/span><\/a><\/span><\/div>\n<nav><ul class='ez-toc-list ez-toc-list-level-1 eztoc-toggle-hide-by-default' ><li class='ez-toc-page-1 ez-toc-heading-level-2'><a class=\"ez-toc-link ez-toc-heading-1\" href=\"https:\/\/www.ahdclinic.com\/tr\/sac-ekimi-sonrasi-sislik\/#Sac_Ekiminden_Sonra_Sislik_Neden_Olusur\" >Sa\u00e7 Ekiminden Sonra \u015ei\u015flik Neden Olu\u015fur?<\/a><\/li><li class='ez-toc-page-1 ez-toc-heading-level-2'><a class=\"ez-toc-link ez-toc-heading-2\" href=\"https:\/\/www.ahdclinic.com\/tr\/sac-ekimi-sonrasi-sislik\/#Sac_Ekiminden_Sonra_Olusan_Sislik_Ne_Kadar_Surer_Ne_Zaman_Gecer\" >Sa\u00e7 Ekiminden Sonra Olu\u015fan \u015ei\u015flik Ne Kadar S\u00fcrer? Ne Zaman Ge\u00e7er?<\/a><\/li><li class='ez-toc-page-1 ez-toc-heading-level-2'><a class=\"ez-toc-link ez-toc-heading-3\" href=\"https:\/\/www.ahdclinic.com\/tr\/sac-ekimi-sonrasi-sislik\/#Sac_Ekimi_Sonrasi_Olusan_Sislik_Nasil_Azaltilir\" >Sa\u00e7 Ekimi Sonras\u0131 Olu\u015fan \u015ei\u015flik Nas\u0131l Azalt\u0131l\u0131r?<\/a><\/li><\/ul><\/nav><\/div>\n<h2 class=\"wp-block-heading\"><span class=\"ez-toc-section\" id=\"Sac_Ekiminden_Sonra_Sislik_Neden_Olusur\"><\/span>Sa\u00e7 Ekiminden Sonra \u015ei\u015flik Neden Olu\u015fur?<span class=\"ez-toc-section-end\"><\/span><\/h2>\n\n\n\n<p>Operasyondan sonra olan \u015fi\u015fli\u011fin 2 temel nedeni vard\u0131r. Bu nedenleri \u015fu \u015fekilde a\u00e7\u0131klayabiliriz.<\/p>\n\n\n\n<p><strong>1 ) Travmaya Kar\u015f\u0131 Cevap<\/strong><\/p>\n\n\n\n<p>Deriye yap\u0131lan her t\u00fcrl\u00fc cerrahi giri\u015fim bir travmad\u0131r. Sa\u011fl\u0131kl\u0131 bir ki\u015fide bir travma sonunda, v\u00fccudun savunma mekanizmas\u0131 devreye girer. \u00c7\u00fcnk\u00fc savunma mekanizmas\u0131 bunun v\u00fccuda bir sald\u0131r\u0131 oldu\u011funu d\u00fc\u015f\u00fcn\u00fcr. Ve bu travmaya kar\u015f\u0131 k\u0131lcal damarlar geni\u015fler, o b\u00f6lgeye olan kan ak\u0131m\u0131 artar. Yani v\u00fccut kendini korumaya ge\u00e7er. Sonu\u00e7ta v\u00fccudun savunma mekanizmas\u0131 iyile\u015fme s\u00fcrecini ba\u015flatm\u0131\u015f olur.<\/p>\n\n\n\n<p>Sa\u00e7 ekiminde de cerrahi aletlerle a\u00e7\u0131lan mikro kanallar asl\u0131nda deride olu\u015fan bir travma demektir. \u0130yile\u015fmeye yard\u0131mc\u0131 olmak i\u00e7in olu\u015fan damar geni\u015flemesiyle de deride \u015fi\u015fkinlik meydana gelir. Asl\u0131nda olu\u015fan bu \u015fi\u015flik her t\u00fcrl\u00fc cerrahi i\u015flem sonunda g\u00f6r\u00fclen normal bir yan etkidir.<\/p>\n\n\n\n<p><strong>2 ) Ekim B\u00f6lgesine Lokal Anestezi Enjeksiyonu ve S\u0131v\u0131 Verilmesi :<\/strong><\/p>\n\n\n\n<p>Sa\u00e7 ekimi \u00f6ncesinde kafay\u0131 uyu\u015fturmak i\u00e7in lokal anestezi yap\u0131l\u0131r.&nbsp;FUE y\u00f6ntemiyle yap\u0131lan ekimlerde&nbsp;uyu\u015fturulmu\u015f b\u00f6lgede mikro kanallar a\u00e7\u0131l\u0131r. Daha sonra da a\u00e7\u0131lan kanallar i\u00e7erisine greftler tek tek yerle\u015ftirilir. Greftlerin rahat yerle\u015ftirilmesi i\u00e7inse ekim b\u00f6lgesine izotonik s\u0131v\u0131 enjekte edilir. B\u00f6ylece a\u00e7\u0131lan kanallar geni\u015fler, kafatas\u0131 ile kaslar aras\u0131nda bo\u015fluk olu\u015fur ve greftlerin ekimi daha kolay bir \u015fekilde yap\u0131l\u0131r. \u0130\u015fte hem lokal anestezi hem de verilen izotonik s\u0131v\u0131s\u0131ndan dolay\u0131 kafa derisinde s\u0131v\u0131 tutulumu olur. Biriken bu s\u0131v\u0131, yer\u00e7ekimi etkisiyle bir ka\u00e7 g\u00fcn i\u00e7inde al\u0131n ve g\u00f6z kapaklar\u0131na do\u011fru iner. B\u00f6ylece \u00f6dem denilen \u015fi\u015fkinlik meydana gelir.<\/p>\n\n\n\n<p><strong>DHI y\u00f6ntemiyle yap\u0131lan ekimlerde \u00f6dem daha az g\u00f6r\u00fclmektedir.<\/strong>&nbsp;\u00c7\u00fcnk\u00fc bu y\u00f6ntemde kanal a\u00e7ma ve ekim i\u015flemi ayn\u0131 anda yap\u0131l\u0131r. Greftleri yerle\u015ftirirken lokal anestezi d\u0131\u015f\u0131nda s\u0131v\u0131 verilmesine gerek yoktur. Dolay\u0131s\u0131yla yukar\u0131da belirtti\u011fimiz \u015fi\u015flik olu\u015fumuna neden olan 2 etkenden birisi ortadan kalkm\u0131\u015f olacakt\u0131r. Bu durum&nbsp;<a href=\"https:\/\/www.ahdclinic.com\/tr\/dhi-sac-ekimi\/\" target=\"_blank\" data-type=\"post\" data-id=\"213\" rel=\"noreferrer noopener\">kalem tekni\u011finin bir avantaj\u0131&nbsp;<\/a>olarak say\u0131labilir.<\/p>\n\n\n\n<h2 class=\"wp-block-heading\"><span class=\"ez-toc-section\" id=\"Sac_Ekiminden_Sonra_Olusan_Sislik_Ne_Kadar_Surer_Ne_Zaman_Gecer\"><\/span>Sa\u00e7 Ekiminden Sonra Olu\u015fan \u015ei\u015flik Ne Kadar S\u00fcrer? Ne Zaman Ge\u00e7er?<span class=\"ez-toc-section-end\"><\/span><\/h2>\n\n\n\n<p>Hemen hemen her hasta az ya da \u00e7ok ekimden sonra al\u0131n \u00e7evresinde \u015fi\u015flik ya\u015fayabilir. Bunun normal bir durum oldu\u011funu daha \u00f6nce belirtmi\u015ftik. \u015ei\u015flik genelde 2. g\u00fcnden itibaren ba\u015flar ve 4 g\u00fcnde olduk\u00e7a belirgin bir hale gelir. Toplanan bu s\u0131v\u0131 b\u00f6breklerden idrar yoluyla at\u0131lacak ve 1 hafta sonra tamamen ge\u00e7ecektir. Nadiren de olsa 10.g\u00fcne kadar da s\u00fcrebilir. \u015ei\u015flikle birlikte gerginli\u011fe ba\u011fl\u0131 olarak zonklama tarz\u0131nda a\u011fr\u0131 da olabilir.<\/p>\n\n\n\n<p>Erkelerde oldu\u011fu gibi&nbsp;<a href=\"https:\/\/www.ahdclinic.com\/tr\/kadinlarda-sac-ekimi\/\" target=\"_blank\" data-type=\"post\" data-id=\"206\" rel=\"noreferrer noopener\">kad\u0131nlara yap\u0131lan sa\u00e7 ekimlerinde de<\/a>&nbsp;ayn\u0131 \u015fekilde al\u0131n b\u00f6lgesinde \u015fi\u015fme olabilir. Ayr\u0131ca&nbsp;ka\u015f nakli operasyonlar\u0131nda da&nbsp;g\u00f6z kapa\u011f\u0131nda \u00f6dem ve morarma s\u0131kl\u0131kla g\u00f6r\u00fclen normal bir komplikasyondur.<\/p>\n\n\n\n<h3 class=\"wp-block-heading\">\u00d6demin \u015eiddeti ve Dereceleri<\/h3>\n\n\n\n<p>\u015ei\u015fli\u011fi derecesini etkileyen temel fakt\u00f6rler \u015funlard\u0131r:<\/p>\n\n\n\n<ol start=\"1\" class=\"wp-block-list\">\n<li><strong>Cildin elastikiyeti<\/strong><\/li>\n\n\n\n<li><strong>Hastan\u0131n Ya\u015f\u0131<\/strong><\/li>\n\n\n\n<li><strong>Greft Say\u0131s\u0131 ve Operasyon S\u00fcresi<\/strong>&nbsp;: Greft say\u0131s\u0131n\u0131n y\u00fcksek olmas\u0131 ekim yap\u0131lacak alan\u0131n geni\u015f olmas\u0131 ve s\u00fcrenin uzamas\u0131 demektir. Bu durumda ise verilecek anestezi ve s\u0131v\u0131 miktar\u0131 fazla olacak demektir. Dolay\u0131s\u0131yla bu da olacak \u015fi\u015flik miktar\u0131n\u0131n artmas\u0131 demektir.<\/li>\n<\/ol>\n\n\n\n<p>\u015ei\u015flik hastalar\u0131n b\u00fcy\u00fck \u00e7o\u011funlu\u011funda sadece al\u0131n b\u00f6lgesinde hafif\u00e7e olur ve birka\u00e7 g\u00fcn i\u00e7erisinde kendili\u011finden ge\u00e7er. Fakat nadir durumlarda ileri seviyeye kadar gidebilen \u00f6dem durumu olu\u015fabilir. Sa\u00e7 ekiminden sonra g\u00f6r\u00fclen \u00f6demi \u015fiddetine g\u00f6re 5 evreye ay\u0131rabiliriz. Bu evreler \u015funlard\u0131r.<\/p>\n\n\n\n<ul class=\"wp-block-list\">\n<li><strong>Evre 0:<\/strong>&nbsp;\u015ei\u015flik yok:<\/li>\n\n\n\n<li><strong>Evre 1:<\/strong>&nbsp;Aln\u0131n \u00fcst k\u0131sm\u0131nda \u00f6dem :<\/li>\n\n\n\n<li><strong>Evre 2:<\/strong>&nbsp;Aln\u0131n \u00fcst\u00fcnde ve alt\u0131nda \u00f6dem<\/li>\n\n\n\n<li><strong>Evre 3:<\/strong>&nbsp;G\u00f6zkapa\u011f\u0131 \u00e7evresinde (periorbital) \u00f6dem:<\/li>\n\n\n\n<li><strong>Evre 4:<\/strong>&nbsp;G\u00f6z kapa\u011f\u0131nda morluk ( black eyes): Ekimoz ad\u0131 verilen morluklar 10 g\u00fcne kadar devam edebilir.<\/li>\n<\/ul>\n\n\n\n<p>Evre 0 ve Evre1&#8217;de hi\u00e7 bir medikal tedavi gerekmez. 2-3 g\u00fcn i\u00e7inde \u015fi\u015flikler kendili\u011finden ge\u00e7er. Evre3 ve 4&#8217;de hasta g\u00f6zlerini a\u00e7amayabilir ve medikal tedavi gerekebilir.<\/p>\n\n\n\n<h3 class=\"wp-block-heading\">Sa\u00e7 Ekimi Sonras\u0131 Ensede \u015ei\u015flik<\/h3>\n\n\n\n<p>Greft al\u0131m\u0131 s\u0131ras\u0131nda don\u00f6r b\u00f6lge lokal anesteziyle uyu\u015fturulur. Daha sonra greftlerin kolayca \u00e7\u0131kar\u0131lmas\u0131 i\u00e7in donor b\u00f6lge serum fizyolojik ile \u015fi\u015firilir. Bu <a href=\"https:\/\/www.ahdclinic.com\/tr\/fue-sac-ekimi\/\" target=\"_blank\" data-type=\"post\" data-id=\"246\" rel=\"noreferrer noopener\">FUE tekni\u011fiyle greft al\u0131m\u0131nda<\/a> yap\u0131lan rutin bir uygulamad\u0131r. Biriken bu s\u0131v\u0131 2. g\u00fcnden itibaren ense ve boyun b\u00f6lgesinde hissedilebilir. Bunun hi\u00e7in hi\u00e7bir \u015fey yapmaya gerek yoktur ve kendili\u011finden ge\u00e7er. Zaten hastalar ense b\u00f6lgesinde olu\u015fan \u00f6demi ya hissetmez ya da hi\u00e7 bir \u015fikayette bulunmazlar.<\/p>\n\n\n\n<h2 class=\"wp-block-heading\"><span class=\"ez-toc-section\" id=\"Sac_Ekimi_Sonrasi_Olusan_Sislik_Nasil_Azaltilir\"><\/span>Sa\u00e7 Ekimi Sonras\u0131 Olu\u015fan \u015ei\u015flik Nas\u0131l Azalt\u0131l\u0131r?<span class=\"ez-toc-section-end\"><\/span><\/h2>\n\n\n\n<p>Yukar\u0131da \u015fi\u015fli\u011fin bazen a\u011f\u0131r seyredebilece\u011fini belirtmi\u015ftik. Fakat hi\u00e7 kimse ya\u015fam kalitesinin d\u00fc\u015fmesini istemez. Normal i\u015f hayat\u0131na en k\u0131sa s\u00fcrede d\u00f6nmek ister. Baz\u0131 basit \u00f6nlemler olabilecek \u015fi\u015fli\u011fi en hafif \u015fekilde atlatman\u0131z\u0131 sa\u011flayacakt\u0131r. \u015eimdi \u00f6demin h\u0131zla at\u0131laca\u011f\u0131 bu basit tedbirlere k\u0131saca g\u00f6z atal\u0131m.<\/p>\n\n\n\n<ol start=\"1\" class=\"wp-block-list\">\n<li><strong>Ba\u015f\u0131n\u0131z y\u00fcksekte olacak \u015fekilde uyuyun:<\/strong>&nbsp;\u0130lk 3-4 g\u00fcn Uyurken ba\u015f\u0131n\u0131z 45 derece a\u00e7\u0131 olacak \u015fekilde 2 yast\u0131k kullan\u0131n. Bu v\u00fccuttaki s\u0131v\u0131n\u0131n ak\u0131\u015fkanl\u0131k h\u0131z\u0131n\u0131 artt\u0131r ve \u00f6demin daha k\u0131sa s\u00fcrede ge\u00e7mesine yard\u0131mc\u0131 olur. Y\u00fcz a\u015fa\u011f\u0131 yatmay\u0131n. Y\u00fcz a\u015fa\u011f\u0131 uyursan\u0131z hem \u015fi\u015flik artar ve s\u00fcresi uzar hem de yast\u0131\u011fa s\u00fcrt\u00fcnme nedeniyle sa\u00e7 k\u00f6kleri zarar g\u00f6rebilir. Ayr\u0131ca ilk g\u00fcnler kafan\u0131z\u0131 fazlaca \u00f6ne e\u011fmeyin.<\/li>\n\n\n\n<li><strong>Al\u0131n b\u00f6lgesine so\u011fuk kompres uygulamas\u0131:<\/strong>&nbsp;Al\u0131n b\u00f6lgesine buz torbas\u0131 veya so\u011fuk havluyla nazik\u00e7e bas\u0131 uygulay\u0131n. (Dikkat edin ekim yap\u0131lan b\u00f6lgeye de\u011fil<\/li>\n\n\n\n<li><strong>Manuel Masaj:<\/strong>&nbsp;Al\u0131n b\u00f6lgesinden y\u00f6n\u00fc \u015fakaklara do\u011fru olacak \u015fekilde parmaklar\u0131n\u0131zla nazik\u00e7e masaj yap\u0131n. Bu \u015fekilde yap\u0131lacak masajla, lenf drenaj h\u0131z\u0131 artar ve \u015fi\u015fli\u011fin g\u00f6z \u00e7evresine inme riski azalm\u0131\u015f olur.<\/li>\n\n\n\n<li><strong>Kafa Band\u0131 Uygulamas\u0131:<\/strong>&nbsp;Kafa band\u0131 uygulamas\u0131 \u015fi\u015fli\u011fin y\u00fcze do\u011fru inmesine engel olabilir. Bunu ilk 3 g\u00fcn boyunca uygulayabilirsiniz.<\/li>\n\n\n\n<li><strong>Bol bol s\u0131v\u0131 t\u00fcketin:<\/strong>&nbsp;\u015ei\u015fli\u011fi azaltman\u0131n en iyi \u00e7\u00f6z\u00fcmlerinden birisi bol s\u0131v\u0131 t\u00fcketimidir. G\u00fcnde en az 2 litre su i\u00e7ebilirsiniz. B\u00f6ylece b\u00f6breklerden s\u0131v\u0131 sirk\u00fclasyonu artacak ve s\u0131v\u0131n\u0131n at\u0131lmas\u0131 h\u0131zlanacakt\u0131r.<\/li>\n\n\n\n<li><strong>Tuzlu g\u0131dalar\u0131 azalt\u0131n:<\/strong>&nbsp;\u0130lk g\u00fcnler yemeklerinizde tuzu azalt\u0131n. \u00c7\u00fcnk\u00fc tuz v\u00fccutta s\u0131v\u0131 tutulumu yapar ve \u00f6demin \u015fiddetini artt\u0131rabilir.<\/li>\n\n\n\n<li><strong>Beslenmeye Dikkat:<\/strong>&nbsp;\u0130lk g\u00fcnler baharatl\u0131 ve asit i\u00e7eren g\u0131da t\u00fcketimini azalt\u0131n. Sa\u00e7 ekimi yapt\u0131rd\u0131\u011f\u0131n\u0131z mevsime g\u00f6re ye\u015fil \u00e7ay, ananas, karpuz gibi g\u0131dalar \u00f6dem olu\u015fumunu azaltacak etkiye sahiptir.<\/li>\n\n\n\n<li><strong>Dinlenin ve Yorulmay\u0131n:<\/strong>&nbsp;\u0130lk g\u00fcnler dinlenin ve terlemeye neden olabilecek egzersizlerden ka\u00e7\u0131n\u0131n.<\/li>\n<\/ol>\n\n\n\n<h3 class=\"wp-block-heading\">\u00d6demin Medikal Tedavisi<\/h3>\n\n\n\n<p>Evre 3 ve 4 gibi a\u011f\u0131r \u015fi\u015fliklerde, yukar\u0131da sayd\u0131\u011f\u0131m\u0131z \u00f6neriler yeterli olmayabilir ve medikal tedavi gerekebilir. Fakat bu olduk\u00e7a nadir g\u00f6r\u00fclen bir durumdur. Bu gibi durumda size ekim yapan doktorunuzla, mutlaka ileti\u015fime ge\u00e7in. E\u011fer a\u011f\u0131r derecede \u015fi\u015flik olursa, Predinisolon ve Dexametazon gibi kortizon t\u00fcrevi ila\u00e7lar \u015fi\u015fli\u011fi azaltamaya etkili olacakt\u0131r.<\/p>\n\n\n\n<p>Baz\u0131 sa\u00e7 ekim cerrahlar\u0131 \u015fi\u015fli\u011fi engellemek amac\u0131yla, sa\u00e7 ekimi s\u0131ras\u0131nda lokal anestezi sol\u00fcsyonu i\u00e7erisine kortizon t\u00fcrevi ila\u00e7lar\u0131 da ekler. T\u00fcmesan anestezi ad\u0131 verilen bu uygulama \u015fi\u015fli\u011fi engellemek i\u00e7in etkili bir \u00e7\u00f6z\u00fcmd\u00fcr. Ya da sa\u00e7 ekiminden hemen sonra sabah ve ak\u015fam, ilk 2-3 g\u00fcn tablet \u015feklinde bu ila\u00e7lar kullan\u0131labilir. \u015ei\u015fli\u011fi azaltmak i\u00e7in bu da etkili bir \u00e7\u00f6z\u00fcmd\u00fcr.<\/p>\n\n\n\n<p>Ayr\u0131ca sa\u00e7 ekimi s\u0131ras\u0131nda lokal anestezi yap\u0131l\u0131rken aniden \u015fi\u015flik ortaya \u00e7\u0131kabilir. Bu \u00e7ok nadir g\u00f6r\u00fclen ve anaflaksi ad\u0131 verilen bir komplikasyondur ve acil m\u00fcdahale gerektirir. E\u011fer size sa\u00e7 ekimin yapan deneyimli bir doktorsa zaten bunun i\u00e7in gerekli donan\u0131m\u0131 ve acil m\u00fcdahale seti vard\u0131r. AHD klinik olarak 23 y\u0131ll\u0131k sa\u00e7 ekimi ge\u00e7mi\u015fimizde bu t\u00fcr bir anflaktik reaksiyonla hi\u00e7 kar\u015f\u0131la\u015fmad\u0131k. E\u011fer herhangi bir ilaca kar\u015f\u0131 alerjiniz varsa bunu ekimden \u00f6nce mutlaka doktorunuzla payla\u015fmal\u0131s\u0131n\u0131z.<\/p>\n\n\n\n<h3 class=\"wp-block-heading\">10 G\u00fcn Sonras\u0131nda Devam Eden \u015ei\u015flik<\/h3>\n\n\n\n<p>Operasyon sonras\u0131 \u00f6dem 10 g\u00fcn sonra hale devam ediyorsa yolunda gitmeyen bir durum var demektir. \u015ei\u015flikle beraber a\u015f\u0131r\u0131 yanma, ate\u015f ve k\u0131zar\u0131kl\u0131k olu\u015fumu bir enfeksiyona i\u015faret eder. K\u0131l k\u00f6kleri etraf\u0131nda sivilce tarz\u0131 iltihaplanmalar olabilir. Bu \u00f6nemli bir durumdur ve mutlaka doktorunuzla ileti\u015fime ge\u00e7ip tedavisinin yap\u0131lmas\u0131 gerekir. E\u011fer gerekli \u00f6nlemler al\u0131nmaz ise sa\u00e7lar\u0131n yetersiz \u00e7\u0131k\u0131\u015f\u0131na ve&nbsp;<a href=\"https:\/\/www.ahdclinic.com\/tr\/basarisiz-sac-ekimi\/\" target=\"_blank\" data-type=\"post\" data-id=\"223\" rel=\"noreferrer noopener\">sa\u00e7 ekiminin ba\u015far\u0131s\u0131zl\u0131kla sonu\u00e7lanmas\u0131na<\/a>&nbsp;neden olabilir.<\/p>\n\n\n\n<hr class=\"wp-block-separator has-alpha-channel-opacity\"\/>\n\n\n\n<h3 class=\"wp-block-heading\"><strong>Sonu\u00e7 :<\/strong><\/h3>\n\n\n\n<p>Sa\u00e7 ekimi sonras\u0131nda&nbsp;g\u00f6r\u00fclen \u015fi\u015flik asl\u0131nda normal bir durum olsa da hastalar taraf\u0131ndan ho\u015f kar\u015f\u0131lanmayan bir komplikasyondur. Bunu yukar\u0131da belirtti\u011fimiz basit tedbirlerle kolayl\u0131kla a\u015fabilirsiniz. Hepinize sa\u011fl\u0131kl\u0131 ve sa\u00e7l\u0131 g\u00fcnler dileriz.<\/p>\n\n\n\n<div class=\"wp-block-group\"><div class=\"wp-block-group__inner-container is-layout-constrained wp-block-group-is-layout-constrained\">\n<div class=\"wp-block-columns is-layout-flex wp-container-core-columns-is-layout-9d6595d7 wp-block-columns-is-layout-flex\">\n<div class=\"wp-block-column is-layout-flow wp-block-column-is-layout-flow\"><div class=\"wp-block-post-author\"><div class=\"wp-block-post-author__avatar\"><img alt='' src='https:\/\/www.ahdclinic.com\/wp-content\/litespeed\/avatar\/db6774561f4c043e77edfe18cc63d39a.jpg?ver=1777582240' srcset='https:\/\/www.ahdclinic.com\/wp-content\/litespeed\/avatar\/23e2f82db52edb6f790e72fe296401cf.jpg?ver=1777582240 2x' class='avatar avatar-48 photo' height='48' width='48' \/><\/div><div class=\"wp-block-post-author__content\"><p class=\"wp-block-post-author__name\">Dr. Hakan Doganay<\/p><\/div><\/div>\n\n<div class=\"wp-block-post-date\"><time datetime=\"2025-06-05T18:21:50+03:00\">5 Haziran 2025<\/time><\/div>\n\n<div class=\"wp-block-post-date__modified-date wp-block-post-date\"><time datetime=\"2026-02-14T22:55:53+03:00\">14 \u015eubat 2026<\/time><\/div><\/div>\n<\/div>\n<\/div><\/div>\n","protected":false},"excerpt":{"rendered":"<p>Sa\u00e7 ekimi sonras\u0131 \u015fi\u015flik, ekim yapt\u0131ran ki\u015filerin en az yar\u0131s\u0131nda g\u00f6r\u00fclen normal bir durumdur. Fakat bu durum hastalara yeterince anlat\u0131lmamaktad\u0131r. Bundan dolay\u0131 da hastalar\u0131n bir \u00e7o\u011fu sa\u00e7 ekiminden sonra olu\u015fan \u015fi\u015fli\u011fi, beklenmeyen k\u00f6t\u00fc bir durum olarak alg\u0131lamakta ve endi\u015feye kap\u0131lmaktad\u0131r. Halbuki bu \u015fi\u015flik yayg\u0131n ve beklenen bir yan etkidir. Sa\u00e7 ekiminden sonra genellikle al\u0131n b\u00f6lgesinde [&hellip;]<\/p>\n","protected":false},"author":2,"featured_media":16168,"comment_status":"closed","ping_status":"closed","sticky":false,"template":"","format":"standard","meta":{"_eb_attr":"","_eb_data_table":"","footnotes":""},"categories":[27],"tags":[],"class_list":["post-5479","post","type-post","status-publish","format-standard","has-post-thumbnail","hentry","category-blog"],"_links":{"self":[{"href":"https:\/\/www.ahdclinic.com\/tr\/wp-json\/wp\/v2\/posts\/5479","targetHints":{"allow":["GET"]}}],"collection":[{"href":"https:\/\/www.ahdclinic.com\/tr\/wp-json\/wp\/v2\/posts"}],"about":[{"href":"https:\/\/www.ahdclinic.com\/tr\/wp-json\/wp\/v2\/types\/post"}],"author":[{"embeddable":true,"href":"https:\/\/www.ahdclinic.com\/tr\/wp-json\/wp\/v2\/users\/2"}],"replies":[{"embeddable":true,"href":"https:\/\/www.ahdclinic.com\/tr\/wp-json\/wp\/v2\/comments?post=5479"}],"version-history":[{"count":13,"href":"https:\/\/www.ahdclinic.com\/tr\/wp-json\/wp\/v2\/posts\/5479\/revisions"}],"predecessor-version":[{"id":31563,"href":"https:\/\/www.ahdclinic.com\/tr\/wp-json\/wp\/v2\/posts\/5479\/revisions\/31563"}],"wp:featuredmedia":[{"embeddable":true,"href":"https:\/\/www.ahdclinic.com\/tr\/wp-json\/wp\/v2\/media\/16168"}],"wp:attachment":[{"href":"https:\/\/www.ahdclinic.com\/tr\/wp-json\/wp\/v2\/media?parent=5479"}],"wp:term":[{"taxonomy":"category","embeddable":true,"href":"https:\/\/www.ahdclinic.com\/tr\/wp-json\/wp\/v2\/categories?post=5479"},{"taxonomy":"post_tag","embeddable":true,"href":"https:\/\/www.ahdclinic.com\/tr\/wp-json\/wp\/v2\/tags?post=5479"}],"curies":[{"name":"wp","href":"https:\/\/api.w.org\/{rel}","templated":true}]}}